{"id":3622,"date":"2026-01-16T16:24:17","date_gmt":"2026-01-16T15:24:17","guid":{"rendered":"https:\/\/wordpress.imkerverband-berlin.de\/?p=3622"},"modified":"2026-01-17T09:18:30","modified_gmt":"2026-01-17T08:18:30","slug":"der-imkerverband-berlin-e-v-auf-der-internationalen-gruenen-woche-2026-halle-27","status":"publish","type":"post","link":"https:\/\/wordpress.imkerverband-berlin.de\/index.php\/2026\/01\/16\/der-imkerverband-berlin-e-v-auf-der-internationalen-gruenen-woche-2026-halle-27\/","title":{"rendered":"Der Imkerverband Berlin e.V. auf der Internationalen Gr\u00fcnen Woche &#8211; Halle 27 &#8211; bis 25.1.2026"},"content":{"rendered":"<p>Auch in diesem, dem Jubil\u00e4umsjahr, sind wir wieder auf der Gr\u00fcnen Woche mit dabei. Nat\u00fcrlich wieder in der Halle 27, dieses Mal Standnummer 226 am \u00dcbergang zu Halle 25, und nat\u00fcrlich wieder mit einem bl\u00fchenden Bienarium, vielen Immen, Infos rund um die Imkerei und vielen Imkern und Imkerinnen aus dem Verband, die den Stand betreuen.<br \/>\nVerkosten und kaufen Sie Honig, gespendet von den Berliner Imkervereinen &#8211; der Erl\u00f6s geht in die\u00a0 F\u00f6rderung der Stadtbaumkampagne.<br \/>\nWir freuen uns \u00fcber Ihren Besuch!<\/p>\n<figure id=\"attachment_3631\" aria-describedby=\"caption-attachment-3631\" style=\"width: 790px\" class=\"wp-caption alignleft\"><img loading=\"lazy\" decoding=\"async\" class=\"wp-image-3631 size-large\" src=\"https:\/\/wordpress.imkerverband-berlin.de\/wp-content\/uploads\/2026\/01\/IGW2026-2-1024x450.jpg\" alt=\"Kurz vor Messebeginn (Bild: Bionda Ravn)\" width=\"790\" height=\"347\" srcset=\"https:\/\/wordpress.imkerverband-berlin.de\/wp-content\/uploads\/2026\/01\/IGW2026-2-1024x450.jpg 1024w, https:\/\/wordpress.imkerverband-berlin.de\/wp-content\/uploads\/2026\/01\/IGW2026-2-300x132.jpg 300w, https:\/\/wordpress.imkerverband-berlin.de\/wp-content\/uploads\/2026\/01\/IGW2026-2-768x338.jpg 768w, https:\/\/wordpress.imkerverband-berlin.de\/wp-content\/uploads\/2026\/01\/IGW2026-2-1536x675.jpg 1536w, https:\/\/wordpress.imkerverband-berlin.de\/wp-content\/uploads\/2026\/01\/IGW2026-2.jpg 1597w\" sizes=\"auto, (max-width: 790px) 100vw, 790px\" \/><figcaption id=\"caption-attachment-3631\" class=\"wp-caption-text\">Kurz vor Messebeginn (Bild: Bionda Ravn)<\/figcaption><\/figure>\n","protected":false},"excerpt":{"rendered":"<p>Auch in diesem, dem Jubil\u00e4umsjahr, sind wir wieder auf der Gr\u00fcnen Woche mit dabei. Nat\u00fcrlich wieder in der Halle 27, dieses Mal Standnummer 226 am \u00dcbergang zu Halle 25, und nat\u00fcrlich wieder mit einem bl\u00fchenden Bienarium, vielen Immen, Infos rund um die Imkerei und vielen Imkern und Imkerinnen aus dem&hellip; <\/p>\n","protected":false},"author":8,"featured_media":3630,"comment_status":"closed","ping_status":"closed","sticky":false,"template":"","format":"standard","meta":{"footnotes":""},"categories":[3],"tags":[],"class_list":["post-3622","post","type-post","status-publish","format-standard","has-post-thumbnail","hentry","category-aktuelles"],"publishpress_future_action":{"enabled":false,"date":"2026-09-11 21:15:24","action":"change-status","newStatus":"draft","terms":[],"taxonomy":"category","extraData":[]},"publishpress_future_workflow_manual_trigger":{"enabledWorkflows":[]},"_links":{"self":[{"href":"https:\/\/wordpress.imkerverband-berlin.de\/index.php\/wp-json\/wp\/v2\/posts\/3622","targetHints":{"allow":["GET"]}}],"collection":[{"href":"https:\/\/wordpress.imkerverband-berlin.de\/index.php\/wp-json\/wp\/v2\/posts"}],"about":[{"href":"https:\/\/wordpress.imkerverband-berlin.de\/index.php\/wp-json\/wp\/v2\/types\/post"}],"author":[{"embeddable":true,"href":"https:\/\/wordpress.imkerverband-berlin.de\/index.php\/wp-json\/wp\/v2\/users\/8"}],"replies":[{"embeddable":true,"href":"https:\/\/wordpress.imkerverband-berlin.de\/index.php\/wp-json\/wp\/v2\/comments?post=3622"}],"version-history":[{"count":6,"href":"https:\/\/wordpress.imkerverband-berlin.de\/index.php\/wp-json\/wp\/v2\/posts\/3622\/revisions"}],"predecessor-version":[{"id":3632,"href":"https:\/\/wordpress.imkerverband-berlin.de\/index.php\/wp-json\/wp\/v2\/posts\/3622\/revisions\/3632"}],"wp:featuredmedia":[{"embeddable":true,"href":"https:\/\/wordpress.imkerverband-berlin.de\/index.php\/wp-json\/wp\/v2\/media\/3630"}],"wp:attachment":[{"href":"https:\/\/wordpress.imkerverband-berlin.de\/index.php\/wp-json\/wp\/v2\/media?parent=3622"}],"wp:term":[{"taxonomy":"category","embeddable":true,"href":"https:\/\/wordpress.imkerverband-berlin.de\/index.php\/wp-json\/wp\/v2\/categories?post=3622"},{"taxonomy":"post_tag","embeddable":true,"href":"https:\/\/wordpress.imkerverband-berlin.de\/index.php\/wp-json\/wp\/v2\/tags?post=3622"}],"curies":[{"name":"wp","href":"https:\/\/api.w.org\/{rel}","templated":true}]}}