{"id":3571,"date":"2025-11-18T23:05:17","date_gmt":"2025-11-18T22:05:17","guid":{"rendered":"https:\/\/wordpress.imkerverband-berlin.de\/?p=3571"},"modified":"2025-12-10T22:18:52","modified_gmt":"2025-12-10T21:18:52","slug":"waldemar-bloedorn-preis-2026","status":"publish","type":"post","link":"https:\/\/wordpress.imkerverband-berlin.de\/index.php\/2025\/11\/18\/waldemar-bloedorn-preis-2026\/","title":{"rendered":"Waldemar-Bloedorn-Preis 2026"},"content":{"rendered":"<p>&nbsp;<\/p>\n<p>Wir suchen Deine Idee f\u00fcr den<\/p>\n<p><strong>Waldemar-Bloedorn-Preis 2026<\/strong><\/p>\n<ul>\n<li>den Innovationspreis des Imkerverbands Berlin e.V.<\/li>\n<\/ul>\n<p>Mit \u201eSelbstgebautes f\u00fcr die Imkerei\u201c ver\u00f6ffentlichte Waldemar Bloedorn 1966 ein Buch, das sich gezielt an Imker wandte, die mit Freude f\u00fcr ihr Hobby bauten und bastelten. Es erschien in zahlreichen Auflagen bis 1990.<\/p>\n<p>Der Imkerverein K\u00f6penick hat zum 50j\u00e4hrigen Erscheinungsjubil\u00e4um des Klassikers \u00dcberlegungen f\u00fcr einen Waldemar-Bloedorn-Preis unternommen und ihn erstmals 2019 verliehen. Seit 2024 richtet ihn der Imkerverband Berlin e.V. als Innovationspreis aus.<\/p>\n<p>Hast Du etwas f\u00fcr Deine Imkerei gebaut, gebastelt oder verbessert,<\/p>\n<ul>\n<li>das es so im Imkereifachhandel nicht zu kaufen gibt?<\/li>\n<li>das Dir Deine Besch\u00e4ftigung mit den Bienen erleichtert?<\/li>\n<\/ul>\n<p>Hast Du ein Imkereierzeugnis veredelt und auf diese Weise<\/p>\n<ul>\n<li>ein ganz besonderes, neues Angebot?<\/li>\n<\/ul>\n<p>M\u00f6chtest Du Deine Innovation mit anderen teilen?<\/p>\n<p>Dann reiche das Projekt bei Deinem Imkerverein bis zum 15. Februar 2026 ein. Es gen\u00fcgen aussagekr\u00e4ftige Fotos und eine Beschreibung. Der Verein wird die Idee an den Imkerverband Berlin weiterreichen.<\/p>\n<p>Wir werden dann den ersten f\u00fcnf Bewerbern die M\u00f6glichkeit geben, ihre Innovation beim Berliner Imkertag am 7. M\u00e4rz 2026 vorzustellen und diese mit den Besuchern er\u00f6rtern. Diese w\u00e4hlen dann den Preistr\u00e4ger aus.<\/p>\n<p>Wir sind schon gespannt auf Deine Idee!<\/p>\n<p>Dein<\/p>\n<p>Imkerverband Berlin e.V.<\/p>\n<p>&#8211; Vorstand &#8211;<\/p>\n<p>&nbsp;<\/p>\n<p><img loading=\"lazy\" decoding=\"async\" class=\"alignnone wp-image-3574\" src=\"https:\/\/wordpress.imkerverband-berlin.de\/wp-content\/uploads\/2025\/11\/Bloedorn-Gold-scaled.jpg\" alt=\"\" width=\"226\" height=\"300\" srcset=\"https:\/\/wordpress.imkerverband-berlin.de\/wp-content\/uploads\/2025\/11\/Bloedorn-Gold-scaled.jpg 1928w, https:\/\/wordpress.imkerverband-berlin.de\/wp-content\/uploads\/2025\/11\/Bloedorn-Gold-226x300.jpg 226w, https:\/\/wordpress.imkerverband-berlin.de\/wp-content\/uploads\/2025\/11\/Bloedorn-Gold-771x1024.jpg 771w, https:\/\/wordpress.imkerverband-berlin.de\/wp-content\/uploads\/2025\/11\/Bloedorn-Gold-768x1020.jpg 768w, https:\/\/wordpress.imkerverband-berlin.de\/wp-content\/uploads\/2025\/11\/Bloedorn-Gold-1157x1536.jpg 1157w, https:\/\/wordpress.imkerverband-berlin.de\/wp-content\/uploads\/2025\/11\/Bloedorn-Gold-1542x2048.jpg 1542w\" sizes=\"auto, (max-width: 226px) 100vw, 226px\" \/><\/p>\n","protected":false},"excerpt":{"rendered":"<p>&nbsp; Wir suchen Deine Idee f\u00fcr den Waldemar-Bloedorn-Preis 2026 den Innovationspreis des Imkerverbands Berlin e.V. Mit \u201eSelbstgebautes f\u00fcr die Imkerei\u201c ver\u00f6ffentlichte Waldemar Bloedorn 1966 ein Buch, das sich gezielt an Imker wandte, die mit Freude f\u00fcr ihr Hobby bauten und bastelten. Es erschien in zahlreichen Auflagen bis 1990. Der Imkerverein&hellip; <\/p>\n","protected":false},"author":1,"featured_media":3579,"comment_status":"closed","ping_status":"closed","sticky":false,"template":"","format":"standard","meta":{"footnotes":""},"categories":[3],"tags":[],"class_list":["post-3571","post","type-post","status-publish","format-standard","has-post-thumbnail","hentry","category-aktuelles"],"publishpress_future_action":{"enabled":false,"date":"2026-09-11 22:05:13","action":"change-status","newStatus":"draft","terms":[],"taxonomy":"category","extraData":[]},"publishpress_future_workflow_manual_trigger":{"enabledWorkflows":[]},"_links":{"self":[{"href":"https:\/\/wordpress.imkerverband-berlin.de\/index.php\/wp-json\/wp\/v2\/posts\/3571","targetHints":{"allow":["GET"]}}],"collection":[{"href":"https:\/\/wordpress.imkerverband-berlin.de\/index.php\/wp-json\/wp\/v2\/posts"}],"about":[{"href":"https:\/\/wordpress.imkerverband-berlin.de\/index.php\/wp-json\/wp\/v2\/types\/post"}],"author":[{"embeddable":true,"href":"https:\/\/wordpress.imkerverband-berlin.de\/index.php\/wp-json\/wp\/v2\/users\/1"}],"replies":[{"embeddable":true,"href":"https:\/\/wordpress.imkerverband-berlin.de\/index.php\/wp-json\/wp\/v2\/comments?post=3571"}],"version-history":[{"count":7,"href":"https:\/\/wordpress.imkerverband-berlin.de\/index.php\/wp-json\/wp\/v2\/posts\/3571\/revisions"}],"predecessor-version":[{"id":3588,"href":"https:\/\/wordpress.imkerverband-berlin.de\/index.php\/wp-json\/wp\/v2\/posts\/3571\/revisions\/3588"}],"wp:featuredmedia":[{"embeddable":true,"href":"https:\/\/wordpress.imkerverband-berlin.de\/index.php\/wp-json\/wp\/v2\/media\/3579"}],"wp:attachment":[{"href":"https:\/\/wordpress.imkerverband-berlin.de\/index.php\/wp-json\/wp\/v2\/media?parent=3571"}],"wp:term":[{"taxonomy":"category","embeddable":true,"href":"https:\/\/wordpress.imkerverband-berlin.de\/index.php\/wp-json\/wp\/v2\/categories?post=3571"},{"taxonomy":"post_tag","embeddable":true,"href":"https:\/\/wordpress.imkerverband-berlin.de\/index.php\/wp-json\/wp\/v2\/tags?post=3571"}],"curies":[{"name":"wp","href":"https:\/\/api.w.org\/{rel}","templated":true}]}}