{"id":3514,"date":"2025-07-06T21:11:05","date_gmt":"2025-07-06T19:11:05","guid":{"rendered":"https:\/\/wordpress.imkerverband-berlin.de\/?p=3514"},"modified":"2025-07-06T21:11:05","modified_gmt":"2025-07-06T19:11:05","slug":"125-jahre-imkerverein-spandau-wir-gratulieren","status":"publish","type":"post","link":"https:\/\/wordpress.imkerverband-berlin.de\/index.php\/2025\/07\/06\/125-jahre-imkerverein-spandau-wir-gratulieren\/","title":{"rendered":"125 Jahre Imkerverein Spandau &#8211; wir gratulieren!"},"content":{"rendered":"<p>Am heutigen Sonntag wurde am Lehrbienenstand kr\u00e4ftig gefeiert &#8211; 125 Jahre Imkerverein Spandau!<br \/>\nMit dabei waren zahlreiche Abgeordnete wie Gollaleh Ahmadi, MdA, Helmut Kleebank, MdB , der Bezirksb\u00fcrgermeister von Spandau, Frank Bewig, die erste Vorsitzende und der Regierende B\u00fcrgermeister Kai Wegner. Der Bezirk hatte eine Glasskulptur als Pr\u00e4sent mitgebracht, die der ersten Vorsitzenden Susanne Lenke \u00fcbergeben wurde. Gru\u00dfworte gab es u.a. auch von Raed Saleh, MdA, und mit dabei war die Revierf\u00f6rsterin, die eine Waldf\u00fchrung anbot. Nat\u00fcrlich gab es Honig, Bienen und viel Selbstgemachtes &#8211; Happy Birthday, Spandau!<\/p>\n","protected":false},"excerpt":{"rendered":"<p>Am heutigen Sonntag wurde am Lehrbienenstand kr\u00e4ftig gefeiert &#8211; 125 Jahre Imkerverein Spandau! Mit dabei waren zahlreiche Abgeordnete wie Gollaleh Ahmadi, MdA, Helmut Kleebank, MdB , der Bezirksb\u00fcrgermeister von Spandau, Frank Bewig, die erste Vorsitzende und der Regierende B\u00fcrgermeister Kai Wegner. Der Bezirk hatte eine Glasskulptur als Pr\u00e4sent mitgebracht, die&hellip; <\/p>\n","protected":false},"author":8,"featured_media":3515,"comment_status":"closed","ping_status":"closed","sticky":false,"template":"","format":"standard","meta":{"footnotes":""},"categories":[3],"tags":[],"class_list":["post-3514","post","type-post","status-publish","format-standard","has-post-thumbnail","hentry","category-aktuelles"],"publishpress_future_action":{"enabled":false,"date":"2026-05-03 07:23:18","action":"change-status","newStatus":"draft","terms":[],"taxonomy":"category","extraData":[]},"publishpress_future_workflow_manual_trigger":{"enabledWorkflows":[]},"_links":{"self":[{"href":"https:\/\/wordpress.imkerverband-berlin.de\/index.php\/wp-json\/wp\/v2\/posts\/3514","targetHints":{"allow":["GET"]}}],"collection":[{"href":"https:\/\/wordpress.imkerverband-berlin.de\/index.php\/wp-json\/wp\/v2\/posts"}],"about":[{"href":"https:\/\/wordpress.imkerverband-berlin.de\/index.php\/wp-json\/wp\/v2\/types\/post"}],"author":[{"embeddable":true,"href":"https:\/\/wordpress.imkerverband-berlin.de\/index.php\/wp-json\/wp\/v2\/users\/8"}],"replies":[{"embeddable":true,"href":"https:\/\/wordpress.imkerverband-berlin.de\/index.php\/wp-json\/wp\/v2\/comments?post=3514"}],"version-history":[{"count":1,"href":"https:\/\/wordpress.imkerverband-berlin.de\/index.php\/wp-json\/wp\/v2\/posts\/3514\/revisions"}],"predecessor-version":[{"id":3516,"href":"https:\/\/wordpress.imkerverband-berlin.de\/index.php\/wp-json\/wp\/v2\/posts\/3514\/revisions\/3516"}],"wp:featuredmedia":[{"embeddable":true,"href":"https:\/\/wordpress.imkerverband-berlin.de\/index.php\/wp-json\/wp\/v2\/media\/3515"}],"wp:attachment":[{"href":"https:\/\/wordpress.imkerverband-berlin.de\/index.php\/wp-json\/wp\/v2\/media?parent=3514"}],"wp:term":[{"taxonomy":"category","embeddable":true,"href":"https:\/\/wordpress.imkerverband-berlin.de\/index.php\/wp-json\/wp\/v2\/categories?post=3514"},{"taxonomy":"post_tag","embeddable":true,"href":"https:\/\/wordpress.imkerverband-berlin.de\/index.php\/wp-json\/wp\/v2\/tags?post=3514"}],"curies":[{"name":"wp","href":"https:\/\/api.w.org\/{rel}","templated":true}]}}