{"id":3512,"date":"2025-07-07T06:54:13","date_gmt":"2025-07-07T04:54:13","guid":{"rendered":"https:\/\/wordpress.imkerverband-berlin.de\/?p=3512"},"modified":"2025-07-07T10:00:18","modified_gmt":"2025-07-07T08:00:18","slug":"belegstand-tegel-im-sturm-zerstoert","status":"publish","type":"post","link":"https:\/\/wordpress.imkerverband-berlin.de\/index.php\/2025\/07\/07\/belegstand-tegel-im-sturm-zerstoert\/","title":{"rendered":"Belegstand Tegel im Sturm zerst\u00f6rt"},"content":{"rendered":"<p>Der Belegstand Tegel ist in dem gro\u00dfen Sturm vor gut einer Woche weitgehend zerst\u00f6rt worden. Mindestens vier gro\u00dfe Eichen haben Zaun und H\u00fctte auf dem Belegstand getroffen, darin gelagertes Material und mehrere Bienenv\u00f6lkchen sind unerreichbar und mutma\u00dflich zerst\u00f6rt (siehe <a href=\"https:\/\/wordpress.imkerverband-berlin.de\/wp-content\/uploads\/2025\/07\/PM_Imkerverband_Belegstand_2025.pdf\" target=\"_blank\" rel=\"noopener\">&gt;&gt;Pressemitteilung<\/a>)<\/p>\n<p>Der den Belegstand betreuende Imkerverein bittet um <a href=\"https:\/\/www.paypal.com\/donate\/?hosted_button_id=H9EW5M6QPKWBJ\" target=\"_blank\" rel=\"noopener\">&gt;&gt;Spenden<\/a> um Ber\u00e4umung und Wiederaufbau leisten zu k\u00f6nnen.<\/p>\n<figure id=\"attachment_3523\" aria-describedby=\"caption-attachment-3523\" style=\"width: 1126px\" class=\"wp-caption alignleft\"><img loading=\"lazy\" decoding=\"async\" class=\"wp-image-3523 size-full\" src=\"https:\/\/wordpress.imkerverband-berlin.de\/wp-content\/uploads\/2025\/07\/Bild_Danny_Wanzke_Belegstand02.jpg\" alt=\"Zerst\u00f6rtes Schutzh\u00e4uschen auf dem Belegstand Bild: Danny Wanzke\" width=\"1126\" height=\"2000\" srcset=\"https:\/\/wordpress.imkerverband-berlin.de\/wp-content\/uploads\/2025\/07\/Bild_Danny_Wanzke_Belegstand02.jpg 1126w, https:\/\/wordpress.imkerverband-berlin.de\/wp-content\/uploads\/2025\/07\/Bild_Danny_Wanzke_Belegstand02-169x300.jpg 169w, https:\/\/wordpress.imkerverband-berlin.de\/wp-content\/uploads\/2025\/07\/Bild_Danny_Wanzke_Belegstand02-577x1024.jpg 577w, https:\/\/wordpress.imkerverband-berlin.de\/wp-content\/uploads\/2025\/07\/Bild_Danny_Wanzke_Belegstand02-768x1364.jpg 768w, https:\/\/wordpress.imkerverband-berlin.de\/wp-content\/uploads\/2025\/07\/Bild_Danny_Wanzke_Belegstand02-865x1536.jpg 865w\" sizes=\"auto, (max-width: 1126px) 100vw, 1126px\" \/><figcaption id=\"caption-attachment-3523\" class=\"wp-caption-text\">Zerst\u00f6rtes Schutzh\u00e4uschen auf dem Belegstand Bild: Danny Wanzke<\/figcaption><\/figure>\n<figure id=\"attachment_3524\" aria-describedby=\"caption-attachment-3524\" style=\"width: 2000px\" class=\"wp-caption alignleft\"><img loading=\"lazy\" decoding=\"async\" class=\"wp-image-3524 size-full\" src=\"https:\/\/wordpress.imkerverband-berlin.de\/wp-content\/uploads\/2025\/07\/Bild_Danny_Wanzke_Belegstand03.jpg\" alt=\"Gro\u00dfe Eichen sind umgeworfen worden Bild: Danny Wanzke\" width=\"2000\" height=\"1126\" srcset=\"https:\/\/wordpress.imkerverband-berlin.de\/wp-content\/uploads\/2025\/07\/Bild_Danny_Wanzke_Belegstand03.jpg 2000w, https:\/\/wordpress.imkerverband-berlin.de\/wp-content\/uploads\/2025\/07\/Bild_Danny_Wanzke_Belegstand03-300x169.jpg 300w, https:\/\/wordpress.imkerverband-berlin.de\/wp-content\/uploads\/2025\/07\/Bild_Danny_Wanzke_Belegstand03-1024x577.jpg 1024w, https:\/\/wordpress.imkerverband-berlin.de\/wp-content\/uploads\/2025\/07\/Bild_Danny_Wanzke_Belegstand03-768x432.jpg 768w, https:\/\/wordpress.imkerverband-berlin.de\/wp-content\/uploads\/2025\/07\/Bild_Danny_Wanzke_Belegstand03-1536x865.jpg 1536w\" sizes=\"auto, (max-width: 2000px) 100vw, 2000px\" \/><figcaption id=\"caption-attachment-3524\" class=\"wp-caption-text\">Gro\u00dfe Eichen sind umgeworfen worden Bild: Danny Wanzke<\/figcaption><\/figure>\n<figure id=\"attachment_3525\" aria-describedby=\"caption-attachment-3525\" style=\"width: 2000px\" class=\"wp-caption alignleft\"><img loading=\"lazy\" decoding=\"async\" class=\"wp-image-3525 size-full\" src=\"https:\/\/wordpress.imkerverband-berlin.de\/wp-content\/uploads\/2025\/07\/Bild_Danny_Wanzke_Belegstand04-1.jpg\" alt=\"Dieser Beutenbock hat das Gewicht nicht ausgehalten Bild: Danny Wanzke\" width=\"2000\" height=\"1126\" srcset=\"https:\/\/wordpress.imkerverband-berlin.de\/wp-content\/uploads\/2025\/07\/Bild_Danny_Wanzke_Belegstand04-1.jpg 2000w, https:\/\/wordpress.imkerverband-berlin.de\/wp-content\/uploads\/2025\/07\/Bild_Danny_Wanzke_Belegstand04-1-300x169.jpg 300w, https:\/\/wordpress.imkerverband-berlin.de\/wp-content\/uploads\/2025\/07\/Bild_Danny_Wanzke_Belegstand04-1-1024x577.jpg 1024w, https:\/\/wordpress.imkerverband-berlin.de\/wp-content\/uploads\/2025\/07\/Bild_Danny_Wanzke_Belegstand04-1-768x432.jpg 768w, https:\/\/wordpress.imkerverband-berlin.de\/wp-content\/uploads\/2025\/07\/Bild_Danny_Wanzke_Belegstand04-1-1536x865.jpg 1536w\" sizes=\"auto, (max-width: 2000px) 100vw, 2000px\" \/><figcaption id=\"caption-attachment-3525\" class=\"wp-caption-text\">Dieser Beutenbock hat das Gewicht nicht ausgehalten Bild: Danny Wanzke<\/figcaption><\/figure>\n<figure id=\"attachment_3526\" aria-describedby=\"caption-attachment-3526\" style=\"width: 2016px\" class=\"wp-caption alignleft\"><img loading=\"lazy\" decoding=\"async\" class=\"wp-image-3526 size-full\" src=\"https:\/\/wordpress.imkerverband-berlin.de\/wp-content\/uploads\/2025\/07\/Bild_Danny_Wanzke_Belegstand05.jpg\" alt=\"Die Wurzeln konnten den Baum nicht mehr halten Bild: Danny Wanzke\" width=\"2016\" height=\"1134\" srcset=\"https:\/\/wordpress.imkerverband-berlin.de\/wp-content\/uploads\/2025\/07\/Bild_Danny_Wanzke_Belegstand05.jpg 2016w, https:\/\/wordpress.imkerverband-berlin.de\/wp-content\/uploads\/2025\/07\/Bild_Danny_Wanzke_Belegstand05-300x169.jpg 300w, https:\/\/wordpress.imkerverband-berlin.de\/wp-content\/uploads\/2025\/07\/Bild_Danny_Wanzke_Belegstand05-1024x576.jpg 1024w, https:\/\/wordpress.imkerverband-berlin.de\/wp-content\/uploads\/2025\/07\/Bild_Danny_Wanzke_Belegstand05-768x432.jpg 768w, https:\/\/wordpress.imkerverband-berlin.de\/wp-content\/uploads\/2025\/07\/Bild_Danny_Wanzke_Belegstand05-1536x864.jpg 1536w\" sizes=\"auto, (max-width: 2016px) 100vw, 2016px\" \/><figcaption id=\"caption-attachment-3526\" class=\"wp-caption-text\">Die Wurzeln konnten den Baum nicht mehr halten Bild: Danny Wanzke<\/figcaption><\/figure>\n<figure id=\"attachment_3527\" aria-describedby=\"caption-attachment-3527\" style=\"width: 2000px\" class=\"wp-caption alignleft\"><img loading=\"lazy\" decoding=\"async\" class=\"wp-image-3527 size-full\" src=\"https:\/\/wordpress.imkerverband-berlin.de\/wp-content\/uploads\/2025\/07\/Bild_Gaby_Thiesen_Belegstand1.jpg\" alt=\"Der Belegstandsbetreuer Danny Wanzke kommt an die vom Baum begrabene H\u00fctte nicht mehr ran Bild: Gaby Thiesen\" width=\"2000\" height=\"1126\" srcset=\"https:\/\/wordpress.imkerverband-berlin.de\/wp-content\/uploads\/2025\/07\/Bild_Gaby_Thiesen_Belegstand1.jpg 2000w, https:\/\/wordpress.imkerverband-berlin.de\/wp-content\/uploads\/2025\/07\/Bild_Gaby_Thiesen_Belegstand1-300x169.jpg 300w, https:\/\/wordpress.imkerverband-berlin.de\/wp-content\/uploads\/2025\/07\/Bild_Gaby_Thiesen_Belegstand1-1024x577.jpg 1024w, https:\/\/wordpress.imkerverband-berlin.de\/wp-content\/uploads\/2025\/07\/Bild_Gaby_Thiesen_Belegstand1-768x432.jpg 768w, https:\/\/wordpress.imkerverband-berlin.de\/wp-content\/uploads\/2025\/07\/Bild_Gaby_Thiesen_Belegstand1-1536x865.jpg 1536w\" sizes=\"auto, (max-width: 2000px) 100vw, 2000px\" \/><figcaption id=\"caption-attachment-3527\" class=\"wp-caption-text\">Der Belegstandsbetreuer Danny Wanzke kommt an die vom Baum begrabene H\u00fctte nicht mehr ran Bild: Gaby Thiesen<\/figcaption><\/figure>\n","protected":false},"excerpt":{"rendered":"<p>Der Belegstand Tegel ist in dem gro\u00dfen Sturm vor gut einer Woche weitgehend zerst\u00f6rt worden. Mindestens vier gro\u00dfe Eichen haben Zaun und H\u00fctte auf dem Belegstand getroffen, darin gelagertes Material und mehrere Bienenv\u00f6lkchen sind unerreichbar und mutma\u00dflich zerst\u00f6rt (siehe &gt;&gt;Pressemitteilung) Der den Belegstand betreuende Imkerverein bittet um &gt;&gt;Spenden um Ber\u00e4umung&hellip; <\/p>\n","protected":false},"author":8,"featured_media":3522,"comment_status":"closed","ping_status":"closed","sticky":false,"template":"","format":"gallery","meta":{"footnotes":""},"categories":[3],"tags":[],"class_list":["post-3512","post","type-post","status-publish","format-gallery","has-post-thumbnail","hentry","category-aktuelles","post_format-post-format-gallery"],"publishpress_future_action":{"enabled":false,"date":"2026-05-06 22:30:27","action":"change-status","newStatus":"draft","terms":[],"taxonomy":"category","extraData":[]},"publishpress_future_workflow_manual_trigger":{"enabledWorkflows":[]},"_links":{"self":[{"href":"https:\/\/wordpress.imkerverband-berlin.de\/index.php\/wp-json\/wp\/v2\/posts\/3512","targetHints":{"allow":["GET"]}}],"collection":[{"href":"https:\/\/wordpress.imkerverband-berlin.de\/index.php\/wp-json\/wp\/v2\/posts"}],"about":[{"href":"https:\/\/wordpress.imkerverband-berlin.de\/index.php\/wp-json\/wp\/v2\/types\/post"}],"author":[{"embeddable":true,"href":"https:\/\/wordpress.imkerverband-berlin.de\/index.php\/wp-json\/wp\/v2\/users\/8"}],"replies":[{"embeddable":true,"href":"https:\/\/wordpress.imkerverband-berlin.de\/index.php\/wp-json\/wp\/v2\/comments?post=3512"}],"version-history":[{"count":6,"href":"https:\/\/wordpress.imkerverband-berlin.de\/index.php\/wp-json\/wp\/v2\/posts\/3512\/revisions"}],"predecessor-version":[{"id":3532,"href":"https:\/\/wordpress.imkerverband-berlin.de\/index.php\/wp-json\/wp\/v2\/posts\/3512\/revisions\/3532"}],"wp:featuredmedia":[{"embeddable":true,"href":"https:\/\/wordpress.imkerverband-berlin.de\/index.php\/wp-json\/wp\/v2\/media\/3522"}],"wp:attachment":[{"href":"https:\/\/wordpress.imkerverband-berlin.de\/index.php\/wp-json\/wp\/v2\/media?parent=3512"}],"wp:term":[{"taxonomy":"category","embeddable":true,"href":"https:\/\/wordpress.imkerverband-berlin.de\/index.php\/wp-json\/wp\/v2\/categories?post=3512"},{"taxonomy":"post_tag","embeddable":true,"href":"https:\/\/wordpress.imkerverband-berlin.de\/index.php\/wp-json\/wp\/v2\/tags?post=3512"}],"curies":[{"name":"wp","href":"https:\/\/api.w.org\/{rel}","templated":true}]}}