{"id":2821,"date":"2022-05-19T14:06:31","date_gmt":"2022-05-19T12:06:31","guid":{"rendered":"https:\/\/wordpress.imkerverband-berlin.de\/?p=2821"},"modified":"2022-05-19T14:06:31","modified_gmt":"2022-05-19T12:06:31","slug":"veranstaltungshinweis-eroeffnung-der-wachs-und-honigkueche-weltbienentag-am-22-5-2022","status":"publish","type":"post","link":"https:\/\/wordpress.imkerverband-berlin.de\/index.php\/2022\/05\/19\/veranstaltungshinweis-eroeffnung-der-wachs-und-honigkueche-weltbienentag-am-22-5-2022\/","title":{"rendered":"Veranstaltungshinweis: Er\u00f6ffnung der Wachs- und Honigk\u00fcche &#038; Weltbienentag am 22.5.2022"},"content":{"rendered":"<p>Am kommenden <strong>Sonntag, dem 22.5.2022<\/strong> feiert der Imkerverein Reinickendorf-Mitte e.V. die Er\u00f6ffnung der Wachs- und Honigk\u00fcche:<strong> Ab 11 Uhr<\/strong> beginnt das Fest auf dem Dorotheenst\u00e4dtischen Friedhof III direkt am Kurt-Schumacher-Platz! <strong>Um 12 Uhr sind Gru\u00dfworte u.a. von Frau Senatorin Bettina Jarasch <\/strong>geplant<strong>,<\/strong> um 14 Uhr gibt es einen Vortrag zu Wildbienen.<br \/>\n<em><strong>Programm und Infos unter <a href=\"https:\/\/www.imkerverein-reinickendorf-mitte.de\/Eroeffnung\">https:\/\/www.imkerverein-reinickendorf-mitte.de\/Eroeffnung<\/a><\/strong><\/em><\/p>\n","protected":false},"excerpt":{"rendered":"<p>Am kommenden Sonntag, dem 22.5.2022 feiert der Imkerverein Reinickendorf-Mitte e.V. die Er\u00f6ffnung der Wachs- und Honigk\u00fcche: Ab 11 Uhr beginnt das Fest auf dem Dorotheenst\u00e4dtischen Friedhof III direkt am Kurt-Schumacher-Platz! Um 12 Uhr sind Gru\u00dfworte u.a. von Frau Senatorin Bettina Jarasch geplant, um 14 Uhr gibt es einen Vortrag zu&hellip; <\/p>\n","protected":false},"author":8,"featured_media":0,"comment_status":"closed","ping_status":"closed","sticky":false,"template":"","format":"standard","meta":{"footnotes":""},"categories":[3],"tags":[],"class_list":["post-2821","post","type-post","status-publish","format-standard","hentry","category-aktuelles"],"publishpress_future_action":{"enabled":false,"date":"2026-05-09 10:21:45","action":"change-status","newStatus":"draft","terms":[],"taxonomy":"category","extraData":[]},"publishpress_future_workflow_manual_trigger":{"enabledWorkflows":[]},"_links":{"self":[{"href":"https:\/\/wordpress.imkerverband-berlin.de\/index.php\/wp-json\/wp\/v2\/posts\/2821","targetHints":{"allow":["GET"]}}],"collection":[{"href":"https:\/\/wordpress.imkerverband-berlin.de\/index.php\/wp-json\/wp\/v2\/posts"}],"about":[{"href":"https:\/\/wordpress.imkerverband-berlin.de\/index.php\/wp-json\/wp\/v2\/types\/post"}],"author":[{"embeddable":true,"href":"https:\/\/wordpress.imkerverband-berlin.de\/index.php\/wp-json\/wp\/v2\/users\/8"}],"replies":[{"embeddable":true,"href":"https:\/\/wordpress.imkerverband-berlin.de\/index.php\/wp-json\/wp\/v2\/comments?post=2821"}],"version-history":[{"count":1,"href":"https:\/\/wordpress.imkerverband-berlin.de\/index.php\/wp-json\/wp\/v2\/posts\/2821\/revisions"}],"predecessor-version":[{"id":2822,"href":"https:\/\/wordpress.imkerverband-berlin.de\/index.php\/wp-json\/wp\/v2\/posts\/2821\/revisions\/2822"}],"wp:attachment":[{"href":"https:\/\/wordpress.imkerverband-berlin.de\/index.php\/wp-json\/wp\/v2\/media?parent=2821"}],"wp:term":[{"taxonomy":"category","embeddable":true,"href":"https:\/\/wordpress.imkerverband-berlin.de\/index.php\/wp-json\/wp\/v2\/categories?post=2821"},{"taxonomy":"post_tag","embeddable":true,"href":"https:\/\/wordpress.imkerverband-berlin.de\/index.php\/wp-json\/wp\/v2\/tags?post=2821"}],"curies":[{"name":"wp","href":"https:\/\/api.w.org\/{rel}","templated":true}]}}