{"id":2511,"date":"2020-11-05T22:21:01","date_gmt":"2020-11-05T21:21:01","guid":{"rendered":"https:\/\/wordpress.imkerverband-berlin.de\/?p=2511"},"modified":"2020-12-06T11:13:22","modified_gmt":"2020-12-06T10:13:22","slug":"mitteilung-des-lib-zur-corona-pandemie-stand-04-11-2020","status":"publish","type":"post","link":"https:\/\/wordpress.imkerverband-berlin.de\/index.php\/2020\/11\/05\/mitteilung-des-lib-zur-corona-pandemie-stand-04-11-2020\/","title":{"rendered":"Mitteilung des LIB zur Corona-Pandemie \u2013 Stand 04.11.2020"},"content":{"rendered":"<p>Dr. Jens Radtke vom L\u00e4nderinstitut f\u00fcr Bienenkunde Hohen Neuendorf e.V.<br \/>\nhat die bisherigen Regelungen in einem Merkblatt \u00fcberarbeitet:<\/p>\n<p><a href=\"https:\/\/wordpress.imkerverband-berlin.de\/wp-content\/uploads\/2020\/12\/Corona_2020-12-03_LIB.pdf\" target=\"_blank\" rel=\"noopener noreferrer\">Hinweise f\u00fcr Imker zur Corona-Pandemie (Stand: 03.12.2020)<\/a><\/p>\n<p><a href=\"https:\/\/wordpress.imkerverband-berlin.de\/wp-content\/uploads\/2020\/11\/Corona-Hygienekonzept_2020-11-04_LIB.pdf\" target=\"_blank\" rel=\"noopener noreferrer\">Hygienekonzept f\u00fcr Imkerveranstaltungen (vom 04.11.2020)<\/a><\/p>\n","protected":false},"excerpt":{"rendered":"<p>Dr. Jens Radtke vom L\u00e4nderinstitut f\u00fcr Bienenkunde Hohen Neuendorf e.V. hat die bisherigen Regelungen in einem Merkblatt \u00fcberarbeitet: Hinweise f\u00fcr Imker zur Corona-Pandemie (Stand: 03.12.2020) Hygienekonzept f\u00fcr Imkerveranstaltungen (vom 04.11.2020)<\/p>\n","protected":false},"author":1,"featured_media":0,"comment_status":"closed","ping_status":"closed","sticky":false,"template":"","format":"standard","meta":{"footnotes":""},"categories":[3],"tags":[],"class_list":["post-2511","post","type-post","status-publish","format-standard","hentry","category-aktuelles"],"publishpress_future_action":{"enabled":false,"date":"2026-05-02 10:55:33","action":"change-status","newStatus":"draft","terms":[],"taxonomy":"category","extraData":[]},"publishpress_future_workflow_manual_trigger":{"enabledWorkflows":[]},"_links":{"self":[{"href":"https:\/\/wordpress.imkerverband-berlin.de\/index.php\/wp-json\/wp\/v2\/posts\/2511","targetHints":{"allow":["GET"]}}],"collection":[{"href":"https:\/\/wordpress.imkerverband-berlin.de\/index.php\/wp-json\/wp\/v2\/posts"}],"about":[{"href":"https:\/\/wordpress.imkerverband-berlin.de\/index.php\/wp-json\/wp\/v2\/types\/post"}],"author":[{"embeddable":true,"href":"https:\/\/wordpress.imkerverband-berlin.de\/index.php\/wp-json\/wp\/v2\/users\/1"}],"replies":[{"embeddable":true,"href":"https:\/\/wordpress.imkerverband-berlin.de\/index.php\/wp-json\/wp\/v2\/comments?post=2511"}],"version-history":[{"count":10,"href":"https:\/\/wordpress.imkerverband-berlin.de\/index.php\/wp-json\/wp\/v2\/posts\/2511\/revisions"}],"predecessor-version":[{"id":2526,"href":"https:\/\/wordpress.imkerverband-berlin.de\/index.php\/wp-json\/wp\/v2\/posts\/2511\/revisions\/2526"}],"wp:attachment":[{"href":"https:\/\/wordpress.imkerverband-berlin.de\/index.php\/wp-json\/wp\/v2\/media?parent=2511"}],"wp:term":[{"taxonomy":"category","embeddable":true,"href":"https:\/\/wordpress.imkerverband-berlin.de\/index.php\/wp-json\/wp\/v2\/categories?post=2511"},{"taxonomy":"post_tag","embeddable":true,"href":"https:\/\/wordpress.imkerverband-berlin.de\/index.php\/wp-json\/wp\/v2\/tags?post=2511"}],"curies":[{"name":"wp","href":"https:\/\/api.w.org\/{rel}","templated":true}]}}