{"id":1952,"date":"2019-01-07T11:01:06","date_gmt":"2019-01-07T10:01:06","guid":{"rendered":"https:\/\/wordpress.imkerverband-berlin.de\/?p=1952"},"modified":"2019-01-07T11:02:25","modified_gmt":"2019-01-07T10:02:25","slug":"5-internationale-oeko-imkereikonferenz","status":"publish","type":"post","link":"https:\/\/wordpress.imkerverband-berlin.de\/index.php\/2019\/01\/07\/5-internationale-oeko-imkereikonferenz\/","title":{"rendered":"5. Internationale \u00d6ko-Imkereikonferenz"},"content":{"rendered":"<p>Liebe Imkerinnen und Imker, liebe Vertreter der Imkereiverb\u00e4nde,<\/p>\n<p>nach Bulgarien, Mexiko, Italien und Argentinien findet die <strong> 5. Internationale \u00d6ko-Imkereikonferenz<\/strong> erstmals in Deutschland statt. Der diesj\u00e4hrige Austragungsort ist die <strong>Universit\u00e4t Hohenheim bei Stuttgart<\/strong>.\u00a0 Unter dem Thema Imkerei und Honigbiene im Spannungsfeld von Gesellschaft, Wirtschaft und Umwelt werden Praktiker und Experten aus aller Welt vom <strong>1. &#8211; 3. M\u00e4rz die ver\u00e4nderten Rahmenbedingungen und Herausforderungen der Bio-Imkerei diskutieren<\/strong>.<\/p>\n<p>Die Veranstaltung wird organisiert von der Universit\u00e4t Hohenheim, der dortigen Landesanstalt f\u00fcr Bienenkunde, dem \u00d6koverband Naturland sowie dem Imkereiforum der IFOAM (internationale Dachorganisation des \u00d6kologischen Landbaus).\u00a0 Von <strong>Freitag bis Sonntag bieten \u00fcber 40 Referenten aus Praxis und Wissenschaft ein spannendes Programm.<\/strong><\/p>\n<p>Am <strong>Freitag den 1. M\u00e4rz<\/strong> geht es um die politischen und gesellschaftlichen Rahmenbedingungen der Imkerei. Unter anderen wird Walter Haefeker die europ\u00e4ische Agrarpolitik aus der Bienenperspektive beleuchten und Prof Stephan Lorenz von der Universit\u00e4t Jena wird sich mit der Frage besch\u00e4ftigen, inwieweit Bienen, als Indikatoren nachhaltiger Entwicklung dienen k\u00f6nnen. Am Nachmittag referieren Prof. Tautz von der Universit\u00e4t W\u00fcrzburg und Dr. R\u00fcdiger Recknagel, der Vorstand der AUDI Stiftung Umwelt \u00fcber m\u00f6gliche Kooperationen von Wirtschaft und Imkerei. Die Beziehung zwischen \u00d6kologischer Landwirtschaft und Imkerei wird von Prof. Urs Niggli, dem Leiter des Forschungsinstituts f\u00fcr biologischen Landbaus (FiBL) beleuchtet.<\/p>\n<p>Am <strong>Samstag den 2. M\u00e4rz<\/strong> dreht sich alles um die <strong>praktischen Herausforderungen in der \u00f6kologischen Imkerei<\/strong>. In Vortr\u00e4gen und Workshops werden z.B. neue Wege in der Varroa Kontrolle aufgezeigt und Themen wie Reinfektion und R\u00fcckstandsproblematik, die Wahl eines guten Aufstellungsplatzes und Fragen des Tierwohls diskutiert. Beispiele der Stadtimkerei, der extensiven Berufsimkerei und genossenschaftlichen Imkerei zeigen alternative Wege auf.<\/p>\n<p><strong>Apitherapie ist das gro\u00dfe Thema am Sonntag den 3. M\u00e4rz<\/strong>. Hier geht es zum einen darum, was Apitherapie kann, aber auch um die Frage der Qualit\u00e4t der Produkte aus der \u00f6kologischen Imkerei.<\/p>\n<p>Parallel zum <strong>sehr praxisorientierten Programm findet am Freitag und Samstag auch ein wissenschaftlicher Track in Englisch statt<\/strong>, bei dem neben wissenschaftlichen Themen, auch Erfahrungen aus der Praxis aus Afrika, \u00c4gypten und S\u00fcdamerika zu Wort kommen.<\/p>\n<p>Nutzen Sie den Erfahrungsaustausch mit Experten aus Wirtschaft, Wissenschaft, Politik und Praxis. Weitere Informationen zum Programm finden Sie auf der Webseite: <a href=\"https:\/\/organicapis.uni-hohenheim.de\/\">https:\/\/organicapis.uni-hohenheim.de\/ <\/a><\/p>\n<p>Dort geht es auch zur Anmeldung. Der <strong>Unkostenbeitrag f\u00fcr die gesamte Konferenz betr\u00e4gt 120 Euro <\/strong>(f\u00fcr Sp\u00e4tbucher 120,-)<strong>, f\u00fcr einen Tag 50 Euro <\/strong>(Sp\u00e4tbucher 60,-). Mittagessen und Kaffeepausen sind im Preis inbegriffen.<\/p>\n<p>Die Veranstalter freuen sich auf zahlreichen Besuch von Imkern und Imkerinnen aus aller Welt.<\/p>\n<p><strong>\u00a0<\/strong><\/p>\n<p><strong>Seien Sie herzlich willkommen!<\/strong><\/p>\n<p>Viele Gr\u00fc\u00dfe<\/p>\n<p>Manfred F\u00fcrst<br \/>\nKoordinator IFOAM Apiculture Forum (IAF)<br \/>\n<em>Internationale Abteilung<br \/>\n<\/em><em>Naturland \u2013 Verband f\u00fcr \u00f6kologischen Landbau e.V.<br \/>\n<\/em>Kleinhaderner Weg 1, 82166 Gr\u00e4felfing<br \/>\nTel. +49\u00a0 89 &#8211; 89 80 82 \u2013 86<br \/>\n<a href=\"mailto:m.fuerst@naturland.de\">m.fuerst@naturland.de<\/a><br \/>\n<a href=\"http:\/\/www.naturland.de\">www.naturland.de<\/a><\/p>\n","protected":false},"excerpt":{"rendered":"<p>Liebe Imkerinnen und Imker, liebe Vertreter der Imkereiverb\u00e4nde, nach Bulgarien, Mexiko, Italien und Argentinien findet die 5. Internationale \u00d6ko-Imkereikonferenz erstmals in Deutschland statt. Der diesj\u00e4hrige Austragungsort ist die Universit\u00e4t Hohenheim bei Stuttgart.\u00a0 Unter dem Thema Imkerei und Honigbiene im Spannungsfeld von Gesellschaft, Wirtschaft und Umwelt werden Praktiker und Experten aus&hellip; <\/p>\n","protected":false},"author":1,"featured_media":0,"comment_status":"closed","ping_status":"closed","sticky":false,"template":"","format":"standard","meta":{"footnotes":""},"categories":[3],"tags":[],"class_list":["post-1952","post","type-post","status-publish","format-standard","hentry","category-aktuelles"],"publishpress_future_action":{"enabled":false,"date":"2026-05-05 04:38:32","action":"change-status","newStatus":"draft","terms":[],"taxonomy":"category","extraData":[]},"publishpress_future_workflow_manual_trigger":{"enabledWorkflows":[]},"_links":{"self":[{"href":"https:\/\/wordpress.imkerverband-berlin.de\/index.php\/wp-json\/wp\/v2\/posts\/1952","targetHints":{"allow":["GET"]}}],"collection":[{"href":"https:\/\/wordpress.imkerverband-berlin.de\/index.php\/wp-json\/wp\/v2\/posts"}],"about":[{"href":"https:\/\/wordpress.imkerverband-berlin.de\/index.php\/wp-json\/wp\/v2\/types\/post"}],"author":[{"embeddable":true,"href":"https:\/\/wordpress.imkerverband-berlin.de\/index.php\/wp-json\/wp\/v2\/users\/1"}],"replies":[{"embeddable":true,"href":"https:\/\/wordpress.imkerverband-berlin.de\/index.php\/wp-json\/wp\/v2\/comments?post=1952"}],"version-history":[{"count":3,"href":"https:\/\/wordpress.imkerverband-berlin.de\/index.php\/wp-json\/wp\/v2\/posts\/1952\/revisions"}],"predecessor-version":[{"id":1955,"href":"https:\/\/wordpress.imkerverband-berlin.de\/index.php\/wp-json\/wp\/v2\/posts\/1952\/revisions\/1955"}],"wp:attachment":[{"href":"https:\/\/wordpress.imkerverband-berlin.de\/index.php\/wp-json\/wp\/v2\/media?parent=1952"}],"wp:term":[{"taxonomy":"category","embeddable":true,"href":"https:\/\/wordpress.imkerverband-berlin.de\/index.php\/wp-json\/wp\/v2\/categories?post=1952"},{"taxonomy":"post_tag","embeddable":true,"href":"https:\/\/wordpress.imkerverband-berlin.de\/index.php\/wp-json\/wp\/v2\/tags?post=1952"}],"curies":[{"name":"wp","href":"https:\/\/api.w.org\/{rel}","templated":true}]}}